[{"@context":"https:\/\/schema.org\/","@type":"Article","@id":"https:\/\/www.nirvel.cz\/denni-rad-je-dulezity-i-v-penzi\/#Article","mainEntityOfPage":"https:\/\/www.nirvel.cz\/denni-rad-je-dulezity-i-v-penzi\/","headline":"Denn\u00ed \u0159\u00e1d je d\u016fle\u017eit\u00fd i v penzi","name":"Denn\u00ed \u0159\u00e1d je d\u016fle\u017eit\u00fd i v penzi","description":"Sodchodem do d\u016fchodu se mnoho lid\u00ed t\u011b\u0161\u00ed na to, \u017ee nebudou muset vst\u00e1vat a bojovat [&hellip;]","datePublished":"2024-11-28","dateModified":"2024-11-28","author":{"@type":"Person","@id":"https:\/\/www.nirvel.cz\/author\/#Person","name":"","url":"https:\/\/www.nirvel.cz\/author\/","identifier":1,"image":{"@type":"ImageObject","@id":"https:\/\/secure.gravatar.com\/avatar\/4a857923b487546550539169ba61d16e7910c692fb61fb4681a6882b9bc918c0?s=96&d=mm&r=g","url":"https:\/\/secure.gravatar.com\/avatar\/4a857923b487546550539169ba61d16e7910c692fb61fb4681a6882b9bc918c0?s=96&d=mm&r=g","height":96,"width":96}},"publisher":{"@type":"Organization","name":"nirvel.cz","logo":{"@type":"ImageObject","@id":"\/logo.png","url":"\/logo.png","width":600,"height":60}},"url":"https:\/\/www.nirvel.cz\/denni-rad-je-dulezity-i-v-penzi\/","wordCount":160,"articleBody":"Sodchodem do d\u016fchodu se mnoho lid\u00ed t\u011b\u0161\u00ed na to, \u017ee nebudou muset vst\u00e1vat a bojovat ka\u017ed\u00fd den v zam\u011bstn\u00e1n\u00ed s autoritami. Ze za\u010d\u00e1tku to vn\u00edmaj\u00ed jako u\u010din\u011bn\u00e9 \u0161t\u011bst\u00ed, ale po n\u011bjak\u00e9 dob\u011b mohou upadnout do apatie. Proto je velmi d\u016fle\u017eit\u00e9 uchovat si ur\u010ditou m\u00edru aktivity. I kdy\u017e nechod\u00edte do zam\u011bstn\u00e1n\u00ed, nen\u00ed na \u0161kodu dodr\u017eovat pravideln\u00fd denn\u00ed \u0159\u00e1d, kter\u00fd v\u011bt\u0161ina lid\u00ed k \u017eivotu zkr\u00e1tka vy\u017eaduje. Nepodce\u0148ujte prevenci Nen\u00ed nutn\u00e9, abyste ztratili celou \u0159adu u\u017eite\u010dn\u00fdch kompetenc\u00ed jenom proto, \u017ee jste p\u0159estali chodit do zam\u011bstn\u00e1n\u00ed. Denn\u00ed \u0159\u00e1d a re\u017eim pr\u00e1v\u011b umo\u017e\u0148uje uchov\u00e1n\u00ed si t\u011bchto dovednost\u00ed. Mnoho lid\u00ed v seniorsk\u00e9m v\u011bku trp\u00ed depresemi, \u010demu\u017e lze p\u0159edch\u00e1zet ur\u010ditou prevenc\u00ed a du\u0161evn\u00ed hygienou. Rodina t\u011bchto lid\u00ed by to nem\u011bla podce\u0148ovat.                                                                                                                                                                                                                                                                                                                                                                                        4.5\/5 - (2 votes)        "},{"@context":"https:\/\/schema.org\/","@type":"BreadcrumbList","itemListElement":[{"@type":"ListItem","position":1,"name":"Denn\u00ed \u0159\u00e1d je d\u016fle\u017eit\u00fd i v penzi","item":"https:\/\/www.nirvel.cz\/denni-rad-je-dulezity-i-v-penzi\/#breadcrumbitem"}]}]