[{"@context":"https:\/\/schema.org\/","@type":"Article","@id":"https:\/\/www.nirvel.cz\/kdy-ma-zacinat-skolni-vyucovani\/#Article","mainEntityOfPage":"https:\/\/www.nirvel.cz\/kdy-ma-zacinat-skolni-vyucovani\/","headline":"Kdy m\u00e1 za\u010d\u00ednat \u0161koln\u00ed vyu\u010dov\u00e1n\u00ed?","name":"Kdy m\u00e1 za\u010d\u00ednat \u0161koln\u00ed vyu\u010dov\u00e1n\u00ed?","description":"\u017de se nechce v\u00e1m ani va\u0161im d\u011btem r\u00e1no z postele? Posouv\u00e1n\u00ed zvon\u011bn\u00ed bud\u00edku alespo\u0148 o [&hellip;]","datePublished":"2020-10-03","dateModified":"2023-05-19","author":{"@type":"Person","@id":"https:\/\/www.nirvel.cz\/author\/#Person","name":"","url":"https:\/\/www.nirvel.cz\/author\/","identifier":1,"image":{"@type":"ImageObject","@id":"https:\/\/secure.gravatar.com\/avatar\/4a857923b487546550539169ba61d16e7910c692fb61fb4681a6882b9bc918c0?s=96&d=mm&r=g","url":"https:\/\/secure.gravatar.com\/avatar\/4a857923b487546550539169ba61d16e7910c692fb61fb4681a6882b9bc918c0?s=96&d=mm&r=g","height":96,"width":96}},"publisher":{"@type":"Organization","name":"nirvel.cz","logo":{"@type":"ImageObject","@id":"\/logo.png","url":"\/logo.png","width":600,"height":60}},"url":"https:\/\/www.nirvel.cz\/kdy-ma-zacinat-skolni-vyucovani\/","about":["Kultura"],"wordCount":472,"articleBody":"\u017de se nechce v\u00e1m ani va\u0161im d\u011btem r\u00e1no z postele? Posouv\u00e1n\u00ed zvon\u011bn\u00ed bud\u00edku alespo\u0148 o p\u00e1r minut, \u010di\u0161t\u011bn\u00ed zub\u016f je\u0161t\u011b se zav\u0159en\u00fdma o\u010dima, zhltnut\u00ed sn\u00eddan\u011b a na posledn\u00ed chv\u00edli odchod do \u0161koly. Asi to zn\u00e1 nejeden rodi\u010d, kter\u00fd mus\u00ed sv\u00e9 d\u011bti ka\u017ed\u00e9 r\u00e1no postrkovat, aby nep\u0159i\u0161ly pozd\u011b na \u0161koln\u00ed vyu\u010dov\u00e1n\u00ed. Mnoz\u00ed z v\u00e1s by proto uv\u00edtali, kdyby \u0161koln\u00ed vyu\u010dov\u00e1n\u00ed za\u010d\u00ednalo alespo\u0148 o hodinu pozd\u011bji.&#13; Tuto mo\u017enost dnes u\u017e maj\u00ed v\u0161echny \u0161koly v \u010cech\u00e1ch. Ministersk\u00e1 vyhl\u00e1\u0161ka umo\u017e\u0148uje za\u010d\u00edt \u0161koln\u00ed vyu\u010dov\u00e1n\u00ed kdykoliv po sedm\u00e9 hodin\u011b rann\u00ed. Tradic\u00ed na v\u011bt\u0161in\u011b \u0161kol je pak osm\u00e1 hodina. \u0160kola v\u0161ak m\u016f\u017ee za\u010d\u00ednat i pozd\u011bji.&#13; Pokud byste pr\u00e1v\u011b o to cht\u011bli usilovat na va\u0161\u00ed \u0161kole, sta\u010d\u00ed vzn\u00e9st n\u00e1mitku, vyvolat diskuzi nebo se spojit s podobn\u011b sm\u00fd\u0161lej\u00edc\u00edmi rodi\u010di a u\u010diteli, a spole\u010dn\u011b pak o zm\u011bn\u011b p\u0159esv\u011bd\u010dit vzd\u011bl\u00e1vac\u00ed institut.&#13; Je ale jasn\u00e9, \u017ee toto t\u00e9ma vede k mnoh\u00fdm spor\u016fm. Ne ka\u017ed\u00e9mu by posun \u0161koln\u00edho vyu\u010dov\u00e1n\u00ed vyhovoval. Bylo by sice b\u00e1je\u010dn\u00e9, \u017ee by si va\u0161e d\u011bti mohly o n\u011bco d\u00e9le p\u0159ispat, n\u011bkte\u0159\u00ed rodi\u010de ale pot\u0159ebuj\u00ed odv\u00e9st sv\u00e9 d\u011bti do \u0161koly d\u0159\u00edve, proto\u017ee sami chod\u00ed do pr\u00e1ce brzy. Museli by si tak na r\u00e1no sjedn\u00e1vat hl\u00edd\u00e1n\u00ed.&#13; N\u011bkte\u0159\u00ed zase maj\u00ed pocit, \u017ee by byly d\u011bti ve \u0161kole dlouho do odpoledne, a t\u00edm p\u00e1dem by pak neexistovalo \u017e\u00e1dn\u00e9 osobn\u00ed odpoledn\u00ed volno. Mo\u017en\u00e1 \u017ee by posun na pozd\u011bji byl vhodn\u00fd sp\u00ed\u0161e pro \u017e\u00e1ky na druh\u00e9m stupni z\u00e1kladn\u00ed \u0161koly a pro st\u0159edo\u0161kol\u00e1ky.&#13; Posun \u0161koln\u00edho vyu\u010dov\u00e1n\u00ed by tak\u00e9 znamenal, \u017ee se aktivity d\u011bt\u00ed p\u0159esunou do ve\u010dern\u00edch hodin a t\u00edm by ubylo \u010dasu, kdy budou d\u011bti vystaveny denn\u00edmu sv\u011btlu. T\u00edm by se naru\u0161ila synchronizace jejich vnit\u0159n\u00edch hodin s denn\u00ed dobou, a to nen\u00ed rozhodn\u011b \u017e\u00e1douc\u00ed, proto\u017ee to m\u016f\u017ee souviset s celou \u0159adou onemocn\u011bn\u00ed.&#13; A co si o tom mysl\u00edte vy? Jsou va\u0161e d\u011bti rann\u00ed pt\u00e1\u010data a tak jim ned\u011bl\u00e1 probl\u00e9m za\u010d\u00ednat ve \u0161kole v osm hodin? Nebo byste rad\u011bji zvolili posun \u0161koln\u00edho vyu\u010dov\u00e1n\u00ed na dev\u00e1tou, aby byly va\u0161e d\u011bti vyspal\u00e9 a t\u00edm p\u00e1dem v\u00fdkonov\u011b l\u00e9pe nalad\u011bni? Mysl\u00edm, \u017ee toto t\u00e9ma st\u00e1le rozd\u011bluje rodi\u010de na dva t\u00e1bory.                                                                                                                                                                                                                                                                                                                                                                                        4\/5 - (7 votes)        "},{"@context":"https:\/\/schema.org\/","@type":"BreadcrumbList","itemListElement":[{"@type":"ListItem","position":1,"name":"Kdy m\u00e1 za\u010d\u00ednat \u0161koln\u00ed vyu\u010dov\u00e1n\u00ed?","item":"https:\/\/www.nirvel.cz\/kdy-ma-zacinat-skolni-vyucovani\/#breadcrumbitem"}]}]