[{"@context":"https:\/\/schema.org\/","@type":"Article","@id":"https:\/\/www.nirvel.cz\/kulturni-akce-roku\/#Article","mainEntityOfPage":"https:\/\/www.nirvel.cz\/kulturni-akce-roku\/","headline":"Kulturn\u00ed akce roku","name":"Kulturn\u00ed akce roku","description":"Napl\u00e1nujte si v\u00fdlet za kulturou, letos je toti\u017e opravdu z\u00a0\u010deho vyb\u00edrat. Najd\u011bte si \u010das pro [&hellip;]","datePublished":"2020-03-19","dateModified":"2023-05-19","author":{"@type":"Person","@id":"https:\/\/www.nirvel.cz\/author\/#Person","name":"","url":"https:\/\/www.nirvel.cz\/author\/","identifier":1,"image":{"@type":"ImageObject","@id":"https:\/\/secure.gravatar.com\/avatar\/4a857923b487546550539169ba61d16e7910c692fb61fb4681a6882b9bc918c0?s=96&d=mm&r=g","url":"https:\/\/secure.gravatar.com\/avatar\/4a857923b487546550539169ba61d16e7910c692fb61fb4681a6882b9bc918c0?s=96&d=mm&r=g","height":96,"width":96}},"publisher":{"@type":"Organization","name":"nirvel.cz","logo":{"@type":"ImageObject","@id":"\/logo.png","url":"\/logo.png","width":600,"height":60}},"image":{"@type":"ImageObject","@id":"https:\/\/www.nirvel.cz\/wp-content\/uploads\/img_a372589_w3383_t1584001065.jpg","url":"https:\/\/www.nirvel.cz\/wp-content\/uploads\/img_a372589_w3383_t1584001065.jpg","height":0,"width":0},"url":"https:\/\/www.nirvel.cz\/kulturni-akce-roku\/","about":["Kultura"],"wordCount":385,"articleBody":"Napl\u00e1nujte si v\u00fdlet za kulturou, letos je toti\u017e opravdu z\u00a0\u010deho vyb\u00edrat. Najd\u011bte si \u010das pro um\u011bn\u00ed a vneste do sv\u00e9ho \u017eivota nov\u00e9 z\u00e1\u017eitky. Tento \u010dl\u00e1nek v\u00e1s provede t\u011bmi nejo\u010dek\u00e1van\u011bj\u0161\u00edmi akcemi roku, ze kter\u00fdch si rozhodn\u011b vyberete tu svou. P\u0159ipravte si z\u00e1pisn\u00edky, jdeme na to!\tBuddha zbl\u00edzka6.11.2020 \u2013 7.3.2021, Pal\u00e1c Kinsk\u00fdch, N\u00e1rodn\u00ed galerieP\u0159ij\u010fte se pod\u00edvat na um\u011bn\u00ed buddhismu a prozkoumejte jeho historii. \u010cekat na v\u00e1s budou nejv\u00fdznamn\u011bj\u0161\u00ed d\u00edla spolu s\u00a0audiovizu\u00e1ln\u00edmi a interaktivn\u00edmi prvky, kter\u00e9 v\u00e1s provedou po\u010d\u00e1tky Buddhova u\u010den\u00ed, jeho vstupem do nirv\u00e1ny atd.\tManet v\u00a0\u010dernob\u00edl\u00e96.3.2020 \u2013 7.6.2020, Veletr\u017en\u00ed pal\u00e1cV\u00fdstava grafick\u00fdch d\u011bl sv\u011btozn\u00e1m\u00e9ho mal\u00ed\u0159e \u00c9douarda Maneta v\u00e1m nab\u00eddne pohled na jeho m\u00e9n\u011b zn\u00e1m\u00e1 d\u00edla \u2013 lepty. Prozkoumejte tuto kapitolu Manetovy tvorby.\tTak mnoho, tak m\u00e1lo \u2013 v\u00fdstava Vladim\u00edra Birguse8.10.2019 \u2013 15.3.2020, D\u016fm U \u010cern\u00e9 matky bo\u017e\u00edTato v\u00fdstava ji\u017e b\u011b\u017e\u00ed a zb\u00fdv\u00e1 pouze p\u00e1r dn\u016f. Za vid\u011bn\u00ed ov\u0161em stoj\u00ed tak nev\u00e1hejte. Nab\u00edz\u00ed se v\u00e1m pohled na \u010dernob\u00edl\u00e9 velkoform\u00e1tov\u00e9 fotografie po\u0159\u00edzeny v\u00a070. a\u017e 80. letech minul\u00e9ho stolet\u00ed fotografem a pedagogem Vladim\u00edrem Birgusem. Nahl\u00e9dn\u011bte do obdob\u00ed normalizace a vdechn\u011bte atmosf\u00e9ru tehdej\u0161\u00ed neut\u011b\u0161en\u00e9 doby.\tRembrandt: Portr\u00e9t \u010dlov\u011bka17.4.2020 \u2013 30.8.2020, Pal\u00e1c Kinsk\u00fdch, N\u00e1rodn\u00ed galerieMinul\u00fd rok tomu bylo 350 let co zem\u0159el jeden z\u00a0nejv\u011bt\u0161\u00edch mal\u00ed\u0159\u016f v\u0161ech dob, Rembrandt van Rijn. U t\u00e9to p\u0159\u00edle\u017eitosti v\u00e1m N\u00e1rodn\u00ed galerie p\u0159in\u00e1\u0161\u00ed jedine\u010dn\u00fd pohled na jeho d\u00edla, sk\u00fdtaj\u00edc\u00ed profesionalitou, intimitou a osobn\u00edm p\u0159\u00edstupem. Nenechte si uj\u00edt tuto pod\u00edvanou a oslavte Rembrandta a jeho neutuchaj\u00edc\u00ed talent.\tBANKSY &#8211; G\u00e9nius nebo vandal?2.1.2020 \u2013 30.6.2020, PrahaSv\u011btozn\u00e1m\u00fd pouli\u010dn\u00ed um\u011blec p\u0159ichystal svou zcela prvn\u00ed v\u00fdstavu v\u00a0Praze, m\u00edsto je ov\u0161em tajn\u00e9, stejn\u011b jako jeho identita. Kritika spole\u010dnosti, politiky a sv\u011btov\u00fdch probl\u00e9m\u016f p\u0159enesen\u00e1 do graffiti se stala naprostou senzac\u00ed a je zcela na v\u00e1s, zda d\u00e1te tomuto osv\u00edcen\u00e9mu um\u011blci \u0161anci.                                                                                                                                                                                                                                                                                                                                                                                        4.2\/5 - (6 votes)        "},{"@context":"https:\/\/schema.org\/","@type":"BreadcrumbList","itemListElement":[{"@type":"ListItem","position":1,"name":"Kulturn\u00ed akce roku","item":"https:\/\/www.nirvel.cz\/kulturni-akce-roku\/#breadcrumbitem"}]}]