[{"@context":"https:\/\/schema.org\/","@type":"Article","@id":"https:\/\/www.nirvel.cz\/zimni-zahrady-jsou-tu-presne-pro-vas\/#Article","mainEntityOfPage":"https:\/\/www.nirvel.cz\/zimni-zahrady-jsou-tu-presne-pro-vas\/","headline":"Zimn\u00ed zahrady jsou tu p\u0159esn\u011b pro V\u00e1s!","name":"Zimn\u00ed zahrady jsou tu p\u0159esn\u011b pro V\u00e1s!","description":"Co V\u00e1m je\u0161t\u011b sch\u00e1z\u00ed k \u00fapln\u00e9 spokojenosti s m\u00edstem, kde \u017eijete? \u00datuln\u00fd dome\u010dek m\u00e1te, jenom [&hellip;]","datePublished":"2025-01-11","dateModified":"2025-01-11","author":{"@type":"Person","@id":"https:\/\/www.nirvel.cz\/author\/#Person","name":"","url":"https:\/\/www.nirvel.cz\/author\/","identifier":1,"image":{"@type":"ImageObject","@id":"https:\/\/secure.gravatar.com\/avatar\/4a857923b487546550539169ba61d16e7910c692fb61fb4681a6882b9bc918c0?s=96&d=mm&r=g","url":"https:\/\/secure.gravatar.com\/avatar\/4a857923b487546550539169ba61d16e7910c692fb61fb4681a6882b9bc918c0?s=96&d=mm&r=g","height":96,"width":96}},"publisher":{"@type":"Organization","name":"nirvel.cz","logo":{"@type":"ImageObject","@id":"\/logo.png","url":"\/logo.png","width":600,"height":60}},"url":"https:\/\/www.nirvel.cz\/zimni-zahrady-jsou-tu-presne-pro-vas\/","wordCount":202,"articleBody":"Co V\u00e1m je\u0161t\u011b sch\u00e1z\u00ed k \u00fapln\u00e9 spokojenosti s m\u00edstem, kde \u017eijete? \u00datuln\u00fd dome\u010dek m\u00e1te, jenom V\u00e1s tr\u00e1p\u00ed, \u017ee p\u0159es zimu nem\u016f\u017eete vyu\u017e\u00edvat slu\u017eeb sv\u00e9 zahrady? P\u0159em\u00edt\u00e1te tedy, jak si Va\u0161e bydlen\u00ed je\u0161t\u011b trochu upravit, abyste se c\u00edtili perfektn\u011b ka\u017ed\u00fd den v roce? Co zkusit zimn\u00ed zahrady? Ano, m\u016f\u017ee to b\u00fdt skv\u011bl\u00e9 \u0159e\u0161en\u00ed i pro V\u00e1s! Zimn\u00ed zahrady p\u0159\u00edjemn\u011b omlad\u00ed atmosf\u00e9ru Va\u0161eho rodinn\u00e9ho domu. Je to m\u00edsto, kde m\u016f\u017eete v klidu rozj\u00edmat, relaxovat. \u0160\u00e1lek hork\u00e9 kou\u0159\u00edc\u00ed k\u00e1vy \u010di \u010daje a dobr\u00e1 kniha v ruce&#8230; C\u00edt\u00edte sami tu pohodu, kter\u00e1 z toho d\u00fdch\u00e1, \u017ee? Zahrada i v zim\u011b&#8230; Zimn\u00ed zahrady, v\u00fdborn\u00fd n\u00e1pad pro v\u0161echny, kdo maj\u00ed r\u00e1di sv\u011b\u017e\u00ed zele\u0148 a kte\u0159\u00ed odm\u00edtli \u010dekat na nep\u0159ich\u00e1zej\u00edc\u00ed jaro&#8230; Nen\u00ed p\u0159eci kr\u00e1sn\u011bj\u0161\u00edho pocitu ne\u017e toho d\u00edvat se ze sv\u00e9 zelen\u00ed kyp\u00edc\u00ed zahrady po ka\u017edi\u010dk\u00fd den v roce, a\u0165 je venku po\u010das\u00ed jak\u00e9koliv. Nad t\u00edm se u\u017e vyplat\u00ed zauva\u017eovat, \u017ee?                                                                                                                                                                                                                                                                                                                                                                                        5\/5 - (1 vote)        "},{"@context":"https:\/\/schema.org\/","@type":"BreadcrumbList","itemListElement":[{"@type":"ListItem","position":1,"name":"Zimn\u00ed zahrady jsou tu p\u0159esn\u011b pro V\u00e1s!","item":"https:\/\/www.nirvel.cz\/zimni-zahrady-jsou-tu-presne-pro-vas\/#breadcrumbitem"}]}]